{"id":1481,"date":"2024-07-24T19:29:56","date_gmt":"2024-07-25T00:29:56","guid":{"rendered":"https:\/\/nixonsaavedraescritor.com\/?p=1481"},"modified":"2024-07-24T20:07:10","modified_gmt":"2024-07-25T01:07:10","slug":"de-larvas-a-adultos-como","status":"publish","type":"post","link":"https:\/\/nixonsaavedraescritor.com\/?p=1481","title":{"rendered":"De Larvas a Adultos. \u00bfC\u00f3mo?"},"content":{"rendered":"\t\t<div data-elementor-type=\"wp-post\" data-elementor-id=\"1481\" class=\"elementor elementor-1481\">\n\t\t\t\t\t\t<section class=\"elementor-section elementor-top-section elementor-element elementor-element-6de44ba elementor-section-boxed elementor-section-height-default elementor-section-height-default\" data-id=\"6de44ba\" data-element_type=\"section\" data-e-type=\"section\">\n\t\t\t\t\t\t<div class=\"elementor-container elementor-column-gap-default\">\n\t\t\t\t\t<div class=\"elementor-column elementor-col-100 elementor-top-column elementor-element elementor-element-18b04a7\" data-id=\"18b04a7\" data-element_type=\"column\" data-e-type=\"column\">\n\t\t\t<div class=\"elementor-widget-wrap elementor-element-populated\">\n\t\t\t\t\t\t<div class=\"elementor-element elementor-element-01814ab elementor-widget elementor-widget-image\" data-id=\"01814ab\" data-element_type=\"widget\" data-e-type=\"widget\" data-widget_type=\"image.default\">\n\t\t\t\t<div class=\"elementor-widget-container\">\n\t\t\t\t\t\t\t\t\t\t\t\t\t\t\t<img decoding=\"async\" src=\"https:\/\/static.guiainfantil.com\/uploads\/salud\/nino-mira-libelula-p.jpg\" title=\"\" alt=\"\" loading=\"lazy\" \/>\t\t\t\t\t\t\t\t\t\t\t\t\t\t\t<\/div>\n\t\t\t\t<\/div>\n\t\t\t\t\t<\/div>\n\t\t<\/div>\n\t\t\t\t\t<\/div>\n\t\t<\/section>\n\t\t\t\t<section class=\"elementor-section elementor-top-section elementor-element elementor-element-a729008 elementor-section-boxed elementor-section-height-default elementor-section-height-default\" data-id=\"a729008\" data-element_type=\"section\" data-e-type=\"section\">\n\t\t\t\t\t\t<div class=\"elementor-container elementor-column-gap-default\">\n\t\t\t\t\t<div class=\"elementor-column elementor-col-100 elementor-top-column elementor-element elementor-element-7b46831\" data-id=\"7b46831\" data-element_type=\"column\" data-e-type=\"column\">\n\t\t\t<div class=\"elementor-widget-wrap elementor-element-populated\">\n\t\t\t\t\t\t<div class=\"elementor-element elementor-element-8abc58b elementor-widget elementor-widget-heading\" data-id=\"8abc58b\" data-element_type=\"widget\" data-e-type=\"widget\" data-widget_type=\"heading.default\">\n\t\t\t\t<div class=\"elementor-widget-container\">\n\t\t\t\t\t<h2 class=\"elementor-heading-title elementor-size-default\">Analog\u00eda literaria poco usual para entender c\u00f3mo operan los j\u00f3venes<\/h2>\t\t\t\t<\/div>\n\t\t\t\t<\/div>\n\t\t\t\t\t<\/div>\n\t\t<\/div>\n\t\t\t\t\t<\/div>\n\t\t<\/section>\n\t\t\t\t<section class=\"elementor-section elementor-top-section elementor-element elementor-element-af9cbb4 elementor-section-boxed elementor-section-height-default elementor-section-height-default\" data-id=\"af9cbb4\" data-element_type=\"section\" data-e-type=\"section\">\n\t\t\t\t\t\t<div class=\"elementor-container elementor-column-gap-default\">\n\t\t\t\t\t<div class=\"elementor-column elementor-col-100 elementor-top-column elementor-element elementor-element-356722d\" data-id=\"356722d\" data-element_type=\"column\" data-e-type=\"column\">\n\t\t\t<div class=\"elementor-widget-wrap elementor-element-populated\">\n\t\t\t\t\t\t<div class=\"elementor-element elementor-element-e0a25a0 elementor-widget elementor-widget-text-editor\" data-id=\"e0a25a0\" data-element_type=\"widget\" data-e-type=\"widget\" data-widget_type=\"text-editor.default\">\n\t\t\t\t<div class=\"elementor-widget-container\">\n\t\t\t\t\t\t\t\t\t<p class=\"MsoNormal\" style=\"margin: 0cm; font-size: 12pt; font-family: Calibri, sans-serif; color: #000000; text-align: justify; line-height: 24px;\">Muchos poetas coinciden en que el sue\u00f1o m\u00e1s banal que tuvo alguien un d\u00eda fue querer crecer, porque el ideal que encierra el joven frente al adulto es la emancipaci\u00f3n, la libertad plena para hacer realidad lo que alguna vez dese\u00f3, ignorando lo que Oscar Wilde dec\u00eda: \u201cLa juventud es la \u00fanica edad en la que se puede ser viejo\u201d, luego es tarde para comprender estas palabras.<\/p>\t\t\t\t\t\t\t\t<\/div>\n\t\t\t\t<\/div>\n\t\t\t\t\t<\/div>\n\t\t<\/div>\n\t\t\t\t\t<\/div>\n\t\t<\/section>\n\t\t\t\t<section class=\"elementor-section elementor-top-section elementor-element elementor-element-bbe017e elementor-section-boxed elementor-section-height-default elementor-section-height-default\" data-id=\"bbe017e\" data-element_type=\"section\" data-e-type=\"section\">\n\t\t\t\t\t\t<div class=\"elementor-container elementor-column-gap-default\">\n\t\t\t\t\t<div class=\"elementor-column elementor-col-100 elementor-top-column elementor-element elementor-element-13dab09\" data-id=\"13dab09\" data-element_type=\"column\" data-e-type=\"column\">\n\t\t\t<div class=\"elementor-widget-wrap elementor-element-populated\">\n\t\t\t\t\t\t<div class=\"elementor-element elementor-element-9df65e6 elementor-widget elementor-widget-text-editor\" data-id=\"9df65e6\" data-element_type=\"widget\" data-e-type=\"widget\" data-widget_type=\"text-editor.default\">\n\t\t\t\t<div class=\"elementor-widget-container\">\n\t\t\t\t\t\t\t\t\t<p class=\"MsoNormal\" style=\"margin: 0cm; font-size: 12pt; font-family: Calibri, sans-serif; color: #000000; text-align: justify; line-height: 24px;\">Juventud es mucho m\u00e1s que una etapa, es la flor que se abre a la vida, como dec\u00eda Neruda. Sin embargo, agobia cada momento al joven el deseo que los dem\u00e1s quieren plasmar en \u00e9l. Una corriente ind\u00f3mita de ejemplos de vida, obligaciones y tareas que lo preparan para sobrevivir a lo que los adultos llamamos vivir. Pareciera que nos divierte condenarlos a seguir nuestros pasos a una tumba viva de responsabilidades y presiones sociales, o en palabras de Mandela, \u201cLa juventud es la \u00e9poca de los compromisos\u201d. As\u00ed tomamos su ser larvario y lo moldeamos a conveniencia, sea por respuesta familiar, escolar o social; a lo que consideramos deben ser. Sin embargo, \u00bftomamos el tiempo para conocerlos? o tansiquiera \u00bfconocemos sus intereses o espectativas propias? En la mayoria de cosos la respuesta es \u00a1NO!\u00a0 \u00a0<\/p>\t\t\t\t\t\t\t\t<\/div>\n\t\t\t\t<\/div>\n\t\t\t\t\t<\/div>\n\t\t<\/div>\n\t\t\t\t\t<\/div>\n\t\t<\/section>\n\t\t\t\t<section class=\"elementor-section elementor-top-section elementor-element elementor-element-7010701 elementor-section-boxed elementor-section-height-default elementor-section-height-default\" data-id=\"7010701\" data-element_type=\"section\" data-e-type=\"section\">\n\t\t\t\t\t\t<div class=\"elementor-container elementor-column-gap-default\">\n\t\t\t\t\t<div class=\"elementor-column elementor-col-100 elementor-top-column elementor-element elementor-element-3d22b6a\" data-id=\"3d22b6a\" data-element_type=\"column\" data-e-type=\"column\">\n\t\t\t<div class=\"elementor-widget-wrap elementor-element-populated\">\n\t\t\t\t\t\t<div class=\"elementor-element elementor-element-07ccb1b elementor-widget elementor-widget-heading\" data-id=\"07ccb1b\" data-element_type=\"widget\" data-e-type=\"widget\" data-widget_type=\"heading.default\">\n\t\t\t\t<div class=\"elementor-widget-container\">\n\t\t\t\t\t<h2 class=\"elementor-heading-title elementor-size-default\">Juventud en \u00c9xtasis<\/h2>\t\t\t\t<\/div>\n\t\t\t\t<\/div>\n\t\t\t\t\t<\/div>\n\t\t<\/div>\n\t\t\t\t\t<\/div>\n\t\t<\/section>\n\t\t\t\t<section class=\"elementor-section elementor-top-section elementor-element elementor-element-1790c66 elementor-section-boxed elementor-section-height-default elementor-section-height-default\" data-id=\"1790c66\" data-element_type=\"section\" data-e-type=\"section\">\n\t\t\t\t\t\t<div class=\"elementor-container elementor-column-gap-default\">\n\t\t\t\t\t<div class=\"elementor-column elementor-col-50 elementor-top-column elementor-element elementor-element-442dbb9\" data-id=\"442dbb9\" data-element_type=\"column\" data-e-type=\"column\">\n\t\t\t<div class=\"elementor-widget-wrap elementor-element-populated\">\n\t\t\t\t\t\t<div class=\"elementor-element elementor-element-3af704d elementor-widget elementor-widget-image\" data-id=\"3af704d\" data-element_type=\"widget\" data-e-type=\"widget\" data-widget_type=\"image.default\">\n\t\t\t\t<div class=\"elementor-widget-container\">\n\t\t\t\t\t\t\t\t\t\t\t\t\t\t\t<img decoding=\"async\" src=\"https:\/\/images.cdn1.buscalibre.com\/fit-in\/360x360\/a6\/0d\/a60d5abca38baecbd42cb0723c09db06.jpg\" title=\"\" alt=\"\" loading=\"lazy\" \/>\t\t\t\t\t\t\t\t\t\t\t\t\t\t\t<\/div>\n\t\t\t\t<\/div>\n\t\t\t\t\t<\/div>\n\t\t<\/div>\n\t\t\t\t<div class=\"elementor-column elementor-col-50 elementor-top-column elementor-element elementor-element-b32e21a\" data-id=\"b32e21a\" data-element_type=\"column\" data-e-type=\"column\">\n\t\t\t<div class=\"elementor-widget-wrap elementor-element-populated\">\n\t\t\t\t\t\t<div class=\"elementor-element elementor-element-3566001 elementor-widget elementor-widget-text-editor\" data-id=\"3566001\" data-element_type=\"widget\" data-e-type=\"widget\" data-widget_type=\"text-editor.default\">\n\t\t\t\t<div class=\"elementor-widget-container\">\n\t\t\t\t\t\t\t\t\t<p class=\"MsoNormal\" style=\"margin: 0cm; font-size: 12pt; font-family: Calibri, sans-serif; color: #000000; text-align: justify; line-height: 24px;\">Pocos autores representan tan fielmente aquello que aqueja a los j\u00f3venes como Carlos Cuauht\u00e9moc S\u00e1nchez en su novela del 96: <a href=\"https:\/\/www.librerianacional.com\/producto\/juvendtud-en-extasis-262522\"><b>Juventud en \u00e9xtasis<\/b><\/a>. Historia que gira en torno a la vida del joven Juan Diego Luna, quien, siendo estudiante de secundaria, experimenta la transici\u00f3n de la ni\u00f1ez a la adultez, adem\u00e1s de enfrentarse a los desaf\u00edos del amor, la sexualidad, el suicidio y la amistad. Solo algunas de las aristas en las que se divide hoy d\u00eda la vida de cualquier joven. Esta obra nos muestra claramente la transici\u00f3n de larvas a adultos, con todo lo que ello conlleva (<a title=\"\u00a1ESTEPARIO!(Hermann Hesse) M\u00e1s com\u00fan de Lo que se cree\" href=\"https:\/\/nixonsaavedraescritor.com\/?p=1404\">M\u00e1s rese\u00f1as similares<\/a>)<\/p>\t\t\t\t\t\t\t\t<\/div>\n\t\t\t\t<\/div>\n\t\t\t\t\t<\/div>\n\t\t<\/div>\n\t\t\t\t\t<\/div>\n\t\t<\/section>\n\t\t\t\t<section class=\"elementor-section elementor-top-section elementor-element elementor-element-f5d37e5 elementor-section-boxed elementor-section-height-default elementor-section-height-default\" data-id=\"f5d37e5\" data-element_type=\"section\" data-e-type=\"section\">\n\t\t\t\t\t\t<div class=\"elementor-container elementor-column-gap-default\">\n\t\t\t\t\t<div class=\"elementor-column elementor-col-100 elementor-top-column elementor-element elementor-element-8794ba8\" data-id=\"8794ba8\" data-element_type=\"column\" data-e-type=\"column\">\n\t\t\t<div class=\"elementor-widget-wrap elementor-element-populated\">\n\t\t\t\t\t\t<div class=\"elementor-element elementor-element-830165b elementor-widget elementor-widget-text-editor\" data-id=\"830165b\" data-element_type=\"widget\" data-e-type=\"widget\" data-widget_type=\"text-editor.default\">\n\t\t\t\t<div class=\"elementor-widget-container\">\n\t\t\t\t\t\t\t\t\t<p class=\"MsoNormal\" style=\"margin: 0cm; font-size: 12pt; font-family: Calibri, sans-serif; color: #000000; text-align: justify; line-height: 24px;\">La neurociencia resume el traj\u00edn del joven: su rebeld\u00eda, anarquismo y cuestionamientos, en el lento desarrollo de la corteza prefrontal de su cerebro, la \u00faltima en crecer y madurar. Aunque yo prefiero el resumen Borgiano, \u201cLa juventud es el tiempo de los sue\u00f1os y las utop\u00edas\u201d. Aunque los sue\u00f1os del joven se truncan desde el primer empleo, la seducci\u00f3n del marketing, el consumismo, la esclavitud a las tendencias o moda, la tecnolog\u00eda de punta, la manipulaci\u00f3n de los sistemas pol\u00edticos y la competencia de ser siempre el mejor. Solo los a\u00f1os que vienen despu\u00e9s de esto, se escuchar\u00e1n los lamentos de los nuevos mayores diciendo \u201cMi \u00e9poca fue la mejor\u201d, alardeando una sabidur\u00eda que ya no aplica, porque los que vienen despu\u00e9s, hacen parte de otro mundo.<\/p>\t\t\t\t\t\t\t\t<\/div>\n\t\t\t\t<\/div>\n\t\t\t\t\t<\/div>\n\t\t<\/div>\n\t\t\t\t\t<\/div>\n\t\t<\/section>\n\t\t\t\t<section class=\"elementor-section elementor-top-section elementor-element elementor-element-90089de elementor-section-boxed elementor-section-height-default elementor-section-height-default\" data-id=\"90089de\" data-element_type=\"section\" data-e-type=\"section\">\n\t\t\t\t\t\t<div class=\"elementor-container elementor-column-gap-default\">\n\t\t\t\t\t<div class=\"elementor-column elementor-col-100 elementor-top-column elementor-element elementor-element-0a1ffe3\" data-id=\"0a1ffe3\" data-element_type=\"column\" data-e-type=\"column\">\n\t\t\t<div class=\"elementor-widget-wrap elementor-element-populated\">\n\t\t\t\t\t\t<div class=\"elementor-element elementor-element-d5d2b3f elementor-widget elementor-widget-text-editor\" data-id=\"d5d2b3f\" data-element_type=\"widget\" data-e-type=\"widget\" data-widget_type=\"text-editor.default\">\n\t\t\t\t<div class=\"elementor-widget-container\">\n\t\t\t\t\t\t\t\t\t<p class=\"MsoNormal\" style=\"margin: 0cm; font-size: 12pt; font-family: Calibri, sans-serif; color: #000000; text-align: justify; line-height: 24px;\">Carlos Cuauht\u00e9moc retrata esta faena en breves l\u00edneas, tejidas con realidad y reflexiones continuas para empatizar con sus personajes e interactuar con la historia. Sin dejar de lado, la f\u00e9rrea lucha del joven por escribir su propio camino, hasta condenarse a ser un adulto m\u00e1s. Ciclos que van de generaci\u00f3n tras generaci\u00f3n escribiendo la realidad acorde a la \u00e9poca y sus circunstancias \u00bfConoces la larva junto a ti?<\/p>\t\t\t\t\t\t\t\t<\/div>\n\t\t\t\t<\/div>\n\t\t\t\t\t<\/div>\n\t\t<\/div>\n\t\t\t\t\t<\/div>\n\t\t<\/section>\n\t\t\t\t<\/div>\n\t\t","protected":false},"excerpt":{"rendered":"<p>De larvas a adultos. Analog\u00eda literaria sobre los j\u00f3venes<\/p>\n","protected":false},"author":1,"featured_media":1485,"comment_status":"open","ping_status":"open","sticky":false,"template":"","format":"standard","meta":{"_eb_attr":"","jetpack_post_was_ever_published":false,"_jetpack_newsletter_access":"","_jetpack_dont_email_post_to_subs":false,"_jetpack_newsletter_tier_id":0,"_jetpack_memberships_contains_paywalled_content":false,"sns_share_botton_hide":"","vkExUnit_sns_title":"","_vk_print_noindex":"","sitemap_hide":"","_veu_custom_css":"","veu_display_promotion_alert":"common","vkexunit_cta_each_option":"","_jetpack_memberships_contains_paid_content":false,"footnotes":"","jetpack_publicize_message":"","jetpack_publicize_feature_enabled":true,"jetpack_social_post_already_shared":true,"jetpack_social_options":{"image_generator_settings":{"template":"highway","enabled":false},"version":2}},"categories":[40,24],"tags":[43,30],"class_list":["post-1481","post","type-post","status-publish","format-standard","has-post-thumbnail","hentry","category-literarios","category-opinion","tag-literatura","tag-opinion"],"aioseo_notices":[],"veu_head_title_object":{"title":"","add_site_title":""},"jetpack_publicize_connections":[],"jetpack_featured_media_url":"https:\/\/nixonsaavedraescritor.com\/wp-content\/uploads\/2024\/07\/monstruo-insecto-diminuto-criatura-voladora-abstracta-o-bicho-divertido-cara-linda-ia-generada_116953-3252.avif","jetpack-related-posts":[{"id":1365,"url":"https:\/\/nixonsaavedraescritor.com\/?p=1365","url_meta":{"origin":1481,"position":0},"title":"\u00bfPor qu\u00e9 es importante una Certificaci\u00f3n Internacional de Ingl\u00e9s?","author":"Escritor Colombiano","date":"febrero 13, 2024","format":false,"excerpt":"No todo es IELTS o TOEFL, hay m\u00e1s ex\u00e1menes internacionales, \u00bfCu\u00e1l es su nivel de Ingl\u00e9s?","rel":"","context":"En \u00abAprendizaje de ingl\u00e9s\u00bb","block_context":{"text":"Aprendizaje de ingl\u00e9s","link":"https:\/\/nixonsaavedraescritor.com\/?cat=41"},"img":{"alt_text":"","src":"https:\/\/i0.wp.com\/nixonsaavedraescritor.com\/wp-content\/uploads\/2024\/02\/como-aprenden-adolescentes-800.jpg?resize=350%2C200&ssl=1","width":350,"height":200,"srcset":"https:\/\/i0.wp.com\/nixonsaavedraescritor.com\/wp-content\/uploads\/2024\/02\/como-aprenden-adolescentes-800.jpg?resize=350%2C200&ssl=1 1x, https:\/\/i0.wp.com\/nixonsaavedraescritor.com\/wp-content\/uploads\/2024\/02\/como-aprenden-adolescentes-800.jpg?resize=525%2C300&ssl=1 1.5x, https:\/\/i0.wp.com\/nixonsaavedraescritor.com\/wp-content\/uploads\/2024\/02\/como-aprenden-adolescentes-800.jpg?resize=700%2C400&ssl=1 2x"},"classes":[]},{"id":1404,"url":"https:\/\/nixonsaavedraescritor.com\/?p=1404","url_meta":{"origin":1481,"position":1},"title":"\u00a1ESTEPARIO!(Hermann Hesse) M\u00e1s com\u00fan de Lo que se cree","author":"Escritor Colombiano","date":"marzo 29, 2024","format":false,"excerpt":"Estepario: Pensamiento m\u00e1s com\u00fan de lo que se ceree","rel":"","context":"En \u00abLiterarios\u00bb","block_context":{"text":"Literarios","link":"https:\/\/nixonsaavedraescritor.com\/?cat=40"},"img":{"alt_text":"","src":"https:\/\/i0.wp.com\/nixonsaavedraescritor.com\/wp-content\/uploads\/2024\/03\/hesse-1-3.jpg?resize=350%2C200&ssl=1","width":350,"height":200,"srcset":"https:\/\/i0.wp.com\/nixonsaavedraescritor.com\/wp-content\/uploads\/2024\/03\/hesse-1-3.jpg?resize=350%2C200&ssl=1 1x, https:\/\/i0.wp.com\/nixonsaavedraescritor.com\/wp-content\/uploads\/2024\/03\/hesse-1-3.jpg?resize=525%2C300&ssl=1 1.5x, https:\/\/i0.wp.com\/nixonsaavedraescritor.com\/wp-content\/uploads\/2024\/03\/hesse-1-3.jpg?resize=700%2C400&ssl=1 2x, https:\/\/i0.wp.com\/nixonsaavedraescritor.com\/wp-content\/uploads\/2024\/03\/hesse-1-3.jpg?resize=1050%2C600&ssl=1 3x"},"classes":[]},{"id":1422,"url":"https:\/\/nixonsaavedraescritor.com\/?p=1422","url_meta":{"origin":1481,"position":2},"title":"Cielo de luces. Verdaderas Luchas Feministas","author":"Escritor Colombiano","date":"mayo 13, 2024","format":false,"excerpt":"Cielo de luces. VerdaderasnLuchas feministas","rel":"","context":"En \u00abLiterarios\u00bb","block_context":{"text":"Literarios","link":"https:\/\/nixonsaavedraescritor.com\/?cat=40"},"img":{"alt_text":"","src":"https:\/\/i0.wp.com\/nixonsaavedraescritor.com\/wp-content\/uploads\/2024\/05\/mujeres-en-la-literatura-un-invento-universal-5.jpg?resize=350%2C200&ssl=1","width":350,"height":200,"srcset":"https:\/\/i0.wp.com\/nixonsaavedraescritor.com\/wp-content\/uploads\/2024\/05\/mujeres-en-la-literatura-un-invento-universal-5.jpg?resize=350%2C200&ssl=1 1x, https:\/\/i0.wp.com\/nixonsaavedraescritor.com\/wp-content\/uploads\/2024\/05\/mujeres-en-la-literatura-un-invento-universal-5.jpg?resize=525%2C300&ssl=1 1.5x, https:\/\/i0.wp.com\/nixonsaavedraescritor.com\/wp-content\/uploads\/2024\/05\/mujeres-en-la-literatura-un-invento-universal-5.jpg?resize=700%2C400&ssl=1 2x, https:\/\/i0.wp.com\/nixonsaavedraescritor.com\/wp-content\/uploads\/2024\/05\/mujeres-en-la-literatura-un-invento-universal-5.jpg?resize=1050%2C600&ssl=1 3x, https:\/\/i0.wp.com\/nixonsaavedraescritor.com\/wp-content\/uploads\/2024\/05\/mujeres-en-la-literatura-un-invento-universal-5.jpg?resize=1400%2C800&ssl=1 4x"},"classes":[]},{"id":1349,"url":"https:\/\/nixonsaavedraescritor.com\/?p=1349","url_meta":{"origin":1481,"position":3},"title":"Entre relato y realidad \u00a1Miedo y Terror!","author":"Escritor Colombiano","date":"febrero 10, 2024","format":false,"excerpt":"Entre un relato y su realidad. El poderoso g\u00e9nero del terror","rel":"","context":"En \u00abLiterarios\u00bb","block_context":{"text":"Literarios","link":"https:\/\/nixonsaavedraescritor.com\/?cat=40"},"img":{"alt_text":"","src":"https:\/\/i0.wp.com\/nixonsaavedraescritor.com\/wp-content\/uploads\/2024\/02\/Entre-un-relato-y-su-realidad.-El-poderoso-genero-del-terror-Nixon-Saavedra.jpg?resize=350%2C200&ssl=1","width":350,"height":200,"srcset":"https:\/\/i0.wp.com\/nixonsaavedraescritor.com\/wp-content\/uploads\/2024\/02\/Entre-un-relato-y-su-realidad.-El-poderoso-genero-del-terror-Nixon-Saavedra.jpg?resize=350%2C200&ssl=1 1x, https:\/\/i0.wp.com\/nixonsaavedraescritor.com\/wp-content\/uploads\/2024\/02\/Entre-un-relato-y-su-realidad.-El-poderoso-genero-del-terror-Nixon-Saavedra.jpg?resize=525%2C300&ssl=1 1.5x, https:\/\/i0.wp.com\/nixonsaavedraescritor.com\/wp-content\/uploads\/2024\/02\/Entre-un-relato-y-su-realidad.-El-poderoso-genero-del-terror-Nixon-Saavedra.jpg?resize=700%2C400&ssl=1 2x, https:\/\/i0.wp.com\/nixonsaavedraescritor.com\/wp-content\/uploads\/2024\/02\/Entre-un-relato-y-su-realidad.-El-poderoso-genero-del-terror-Nixon-Saavedra.jpg?resize=1050%2C600&ssl=1 3x, https:\/\/i0.wp.com\/nixonsaavedraescritor.com\/wp-content\/uploads\/2024\/02\/Entre-un-relato-y-su-realidad.-El-poderoso-genero-del-terror-Nixon-Saavedra.jpg?resize=1400%2C800&ssl=1 4x"},"classes":[]},{"id":1247,"url":"https:\/\/nixonsaavedraescritor.com\/?p=1247","url_meta":{"origin":1481,"position":4},"title":"Clase 3 \u00a1GRATIS! Uso de IA en aula. Ejemplo en clase de ciencias","author":"Escritor Colombiano","date":"abril 15, 2023","format":false,"excerpt":"Clase 3 \u00a1GRATIS! Uso de IA en aula. Ejemplo en clase de ciencias","rel":"","context":"En \u00abOpini\u00f3n\u00bb","block_context":{"text":"Opini\u00f3n","link":"https:\/\/nixonsaavedraescritor.com\/?cat=24"},"img":{"alt_text":"","src":"https:\/\/i0.wp.com\/nixonsaavedraescritor.com\/wp-content\/uploads\/2023\/04\/Telefonia-del-futuro-1280x600-1.jpg?resize=350%2C200&ssl=1","width":350,"height":200,"srcset":"https:\/\/i0.wp.com\/nixonsaavedraescritor.com\/wp-content\/uploads\/2023\/04\/Telefonia-del-futuro-1280x600-1.jpg?resize=350%2C200&ssl=1 1x, https:\/\/i0.wp.com\/nixonsaavedraescritor.com\/wp-content\/uploads\/2023\/04\/Telefonia-del-futuro-1280x600-1.jpg?resize=525%2C300&ssl=1 1.5x, https:\/\/i0.wp.com\/nixonsaavedraescritor.com\/wp-content\/uploads\/2023\/04\/Telefonia-del-futuro-1280x600-1.jpg?resize=700%2C400&ssl=1 2x, https:\/\/i0.wp.com\/nixonsaavedraescritor.com\/wp-content\/uploads\/2023\/04\/Telefonia-del-futuro-1280x600-1.jpg?resize=1050%2C600&ssl=1 3x"},"classes":[]},{"id":1323,"url":"https:\/\/nixonsaavedraescritor.com\/?p=1323","url_meta":{"origin":1481,"position":5},"title":"Inteligencia Artificial pone en jaque los escritores","author":"Escritor Colombiano","date":"enero 22, 2024","format":false,"excerpt":"\u00bfQu\u00e9 escritores ser\u00e1n f\u00e1cilmente reemplazados? Todos se creen los mejores hasta que llega alguien que los reta, entonces caen en cuenta que siempre hay algo que aprender, intentar, explorar o simplemente disfrutar. El cambio generacional de estos tiempos incluye retos tecnol\u00f3gicos de los que, ni siquiera, se salvan los escritores.\u2026","rel":"","context":"En \u00abOpini\u00f3n\u00bb","block_context":{"text":"Opini\u00f3n","link":"https:\/\/nixonsaavedraescritor.com\/?cat=24"},"img":{"alt_text":"","src":"https:\/\/i0.wp.com\/nixonsaavedraescritor.com\/wp-content\/uploads\/2024\/01\/photo_5787462612135558801_y.jpg?resize=350%2C200&ssl=1","width":350,"height":200,"srcset":"https:\/\/i0.wp.com\/nixonsaavedraescritor.com\/wp-content\/uploads\/2024\/01\/photo_5787462612135558801_y.jpg?resize=350%2C200&ssl=1 1x, https:\/\/i0.wp.com\/nixonsaavedraescritor.com\/wp-content\/uploads\/2024\/01\/photo_5787462612135558801_y.jpg?resize=525%2C300&ssl=1 1.5x, https:\/\/i0.wp.com\/nixonsaavedraescritor.com\/wp-content\/uploads\/2024\/01\/photo_5787462612135558801_y.jpg?resize=700%2C400&ssl=1 2x"},"classes":[]}],"jetpack_sharing_enabled":true,"jetpack_likes_enabled":true,"_links":{"self":[{"href":"https:\/\/nixonsaavedraescritor.com\/index.php?rest_route=\/wp\/v2\/posts\/1481","targetHints":{"allow":["GET"]}}],"collection":[{"href":"https:\/\/nixonsaavedraescritor.com\/index.php?rest_route=\/wp\/v2\/posts"}],"about":[{"href":"https:\/\/nixonsaavedraescritor.com\/index.php?rest_route=\/wp\/v2\/types\/post"}],"author":[{"embeddable":true,"href":"https:\/\/nixonsaavedraescritor.com\/index.php?rest_route=\/wp\/v2\/users\/1"}],"replies":[{"embeddable":true,"href":"https:\/\/nixonsaavedraescritor.com\/index.php?rest_route=%2Fwp%2Fv2%2Fcomments&post=1481"}],"version-history":[{"count":14,"href":"https:\/\/nixonsaavedraescritor.com\/index.php?rest_route=\/wp\/v2\/posts\/1481\/revisions"}],"predecessor-version":[{"id":1496,"href":"https:\/\/nixonsaavedraescritor.com\/index.php?rest_route=\/wp\/v2\/posts\/1481\/revisions\/1496"}],"wp:featuredmedia":[{"embeddable":true,"href":"https:\/\/nixonsaavedraescritor.com\/index.php?rest_route=\/wp\/v2\/media\/1485"}],"wp:attachment":[{"href":"https:\/\/nixonsaavedraescritor.com\/index.php?rest_route=%2Fwp%2Fv2%2Fmedia&parent=1481"}],"wp:term":[{"taxonomy":"category","embeddable":true,"href":"https:\/\/nixonsaavedraescritor.com\/index.php?rest_route=%2Fwp%2Fv2%2Fcategories&post=1481"},{"taxonomy":"post_tag","embeddable":true,"href":"https:\/\/nixonsaavedraescritor.com\/index.php?rest_route=%2Fwp%2Fv2%2Ftags&post=1481"}],"curies":[{"name":"wp","href":"https:\/\/api.w.org\/{rel}","templated":true}]}}